{"id":439,"date":"2023-09-14T10:04:20","date_gmt":"2023-09-14T09:04:20","guid":{"rendered":"https:\/\/conscasablanca.esteri.it\/news\/dal_consolato\/2023\/09\/comunicato-stampa\/"},"modified":"2023-09-14T10:04:20","modified_gmt":"2023-09-14T09:04:20","slug":"comunicato-stampa","status":"publish","type":"post","link":"https:\/\/conscasablanca.esteri.it\/it\/news\/dal_consolato\/2023\/09\/comunicato-stampa\/","title":{"rendered":"Comunicato stampa &#8211; La solidariet\u00e0 dell&#8217;Italia per il sisma che ha colpito il Marocco"},"content":{"rendered":"<p>In omaggio a tutte le vittime del terribile terremoto, la sera del 12 ottobre 2023 il Campidoglio di Michelangelo a Roma si \u00e8 colorato con la bandiera del Marocco.<\/p>\n<p>Anche l&#8217;Italia, pi\u00f9 volte colpita nel corso della sua storia da terremoti drammatici, esprime con questo gesto simbolico tutta la sua solidariet\u00e0 al Marocco e al popolo marocchino. Sul piano concreto, l&#8217;Italia ha gi\u00e0 presentato una significativa offerta di aiuti umanitari, attraverso i meccanismi europei di protezione civile nonch\u00e9 direttamente, per far fronte alle emergenze sanitarie, abitative, logistiche, stradali e per la salvaguardia del patrimonio culturale.<\/p>\n<p>\u00a0<\/p>\n","protected":false},"excerpt":{"rendered":"In omaggio a tutte le vittime del terribile terremoto, la sera del 12 ottobre 2023 il Campidoglio di Michelangelo a Roma si \u00e8 colorato con la bandiera del Marocco. Anche l&#8217;Italia, pi\u00f9 volte colpita nel corso della sua storia da terremoti drammatici, esprime con questo gesto simbolico tutta la sua solidariet\u00e0 al Marocco e al [&hellip;]","protected":false},"author":1,"featured_media":0,"comment_status":"","ping_status":"","sticky":false,"template":"","format":"standard","meta":{"footnotes":""},"tags":[],"class_list":["post-439","post","type-post","status-publish","format-standard","hentry"],"_links":{"self":[{"href":"https:\/\/conscasablanca.esteri.it\/it\/wp-json\/wp\/v2\/posts\/439","targetHints":{"allow":["GET"]}}],"collection":[{"href":"https:\/\/conscasablanca.esteri.it\/it\/wp-json\/wp\/v2\/posts"}],"about":[{"href":"https:\/\/conscasablanca.esteri.it\/it\/wp-json\/wp\/v2\/types\/post"}],"author":[{"embeddable":true,"href":"https:\/\/conscasablanca.esteri.it\/it\/wp-json\/wp\/v2\/users\/1"}],"replies":[{"embeddable":true,"href":"https:\/\/conscasablanca.esteri.it\/it\/wp-json\/wp\/v2\/comments?post=439"}],"version-history":[{"count":0,"href":"https:\/\/conscasablanca.esteri.it\/it\/wp-json\/wp\/v2\/posts\/439\/revisions"}],"wp:attachment":[{"href":"https:\/\/conscasablanca.esteri.it\/it\/wp-json\/wp\/v2\/media?parent=439"}],"wp:term":[{"taxonomy":"post_tag","embeddable":true,"href":"https:\/\/conscasablanca.esteri.it\/it\/wp-json\/wp\/v2\/tags?post=439"}],"curies":[{"name":"wp","href":"https:\/\/api.w.org\/{rel}","templated":true}]}}