{"id":598,"date":"2021-06-10T15:57:35","date_gmt":"2021-06-10T14:57:35","guid":{"rendered":"https:\/\/conscasablanca.esteri.it\/news\/dal_consolato\/2021\/06\/aggiornamenti-sui-collegamenti-2\/"},"modified":"2021-06-10T15:57:35","modified_gmt":"2021-06-10T14:57:35","slug":"aggiornamenti-sui-collegamenti-2","status":"publish","type":"post","link":"https:\/\/conscasablanca.esteri.it\/fr\/news\/dal_consolato\/2021\/06\/aggiornamenti-sui-collegamenti-2\/","title":{"rendered":"Mise \u00e0 jour sur le liaisons Maroc-Italie"},"content":{"rendered":"<p><a href=\"https:\/\/www.diplomatie.ma\/fr\/communiqu%C3%A9-reprise-des-vols-de-et-vers-le-maroc-%C3%A0-compter-du-mardi-15-juin-2021\">Les Autorit\u00e9s marocaines<\/a> ont d\u00e9cid\u00e9 que, bien que l&rsquo;espace a\u00e9rien national reste toujours formellement ferm\u00e9, des vols commerciaux de\/vers le Maroc seront autoris\u00e9s \u00e0 partir du 15 juin 2021 moyennant des autorisations exceptionnelles accord\u00e9es \u00e0 certaines compagnies a\u00e9riennes. Cette d\u00e9cision sera revue p\u00e9riodiquement par le Gouvernement marocain en fonction de l&rsquo;\u00e9volution du cadre \u00e9pid\u00e9miologique au niveau national et international.<\/p>\n<p>ENTR\u00c9E AU MAROC<br \/>Dans ce contexte, le Maroc a proc\u00e9d\u00e9 \u00e0 la classification de chacun des pays en deux listes (A et B). A cet \u00e9gard, il est recommand\u00e9 de consulter r\u00e9guli\u00e8rement les m\u00e9dias locaux et les sites officiels des Minist\u00e8res marocains (Affaires \u00c9trang\u00e8res, Sant\u00e9, Tourisme) ou de l&rsquo;ONDA pour toute mise \u00e0 jour des deux listes.<\/p>\n<p>Ainsi, les passagers en provenance des Pays inclus dans la liste A, parmi lesquels figure aussi \u00e0 ce jour l&rsquo;Italie &#8211; qu&rsquo;ils soient citoyens italiens, marocains ou \u00e9trangers, aussi bien r\u00e9sidants en Italie que r\u00e9sidants au Maroc &#8211; peuvent avoir acc\u00e8s au territoire marocain s&rsquo;ils disposent d&rsquo;un certificat de vaccination et\/ou d&rsquo;un r\u00e9sultat n\u00e9gatif du test PCR au moins 48 heures apr\u00e8s la date d&rsquo;entr\u00e9e sur le territoire national. La quarantaine n&rsquo;est plus requise \u00e0 l\u2019arriv\u00e9e au Maroc.<\/p>\n<p>Pour les citoyens italiennes ne r\u00e9sidants pas en Italie, qui souhaitent se rendre au Maroc, il est sugg\u00e9r\u00e9 de contacter les Ambassades ou les Consulats du Maroc dans leurs pays de r\u00e9sidence respectifs pour obtenir des informations sur les mesures pr\u00e9vues au Maroc relatives aux arriv\u00e9es en provenance de ces pays.<br \/>Il est recommand\u00e9 de consulter la <a href=\"https:\/\/www.diplomatie.ma\/fr\/questions-r%C3%A9ponses-reprise-des-vols-de-et-vers-le-maroc-%C3%A0-partir-du-mardi-15-juin-2021\">page web du Minist\u00e8re marocain des Affaires \u00c9trang\u00e8res.<\/a><\/p>\n<p>L&rsquo;ENTR\u00c9E EN ITALIE<br \/>Malgr\u00e9 les mesures adopt\u00e9es par les Autorit\u00e9s marocaines concernant les vols de\/vers le Maroc et la possibilit\u00e9 de vols commerciaux vers l&rsquo;Italie, nous rappelons aux citoyens r\u00e9sidants au Maroc et souhaitant se rendre en Italie que le Maroc reste inclus dans la \u00a0\u00bb liste E \u00ab\u00a0, selon le dernier D\u00e9cret du Pr\u00e9sident du Conseil des Ministres. Par cons\u00e9quent, en ce qui concerne les mesures pr\u00e9vues sur le territoire italien en cas d&rsquo;arriv\u00e9es de pays figurant sur la \u00ab\u00a0liste E\u00a0\u00bb, il est sugg\u00e9r\u00e9 de se r\u00e9f\u00e9rer \u00e0 la<a href=\"https:\/\/www.esteri.it\/mae\/it\/ministero\/normativaonline\/decreto-iorestoacasa-domande-frequenti\/focus-cittadini-italiani-in-rientro-dall-estero-e-cittadini-stranieri-in-italia.html\"> page web de la Farnesina<\/a> et au focus de la<a href=\"https:\/\/ambrabat.esteri.it\/ambasciata_rabat\/fr\/ambasciata\/news\/dall_ambasciata\/2020\/03\/aggiornamenti-sul-coronavirus-covid.html\"> Ambassade.<\/a><\/p>\n","protected":false},"excerpt":{"rendered":"Les Autorit\u00e9s marocaines ont d\u00e9cid\u00e9 que, bien que l&rsquo;espace a\u00e9rien national reste toujours formellement ferm\u00e9, des vols commerciaux de\/vers le Maroc seront autoris\u00e9s \u00e0 partir du 15 juin 2021 moyennant des autorisations exceptionnelles accord\u00e9es \u00e0 certaines compagnies a\u00e9riennes. Cette d\u00e9cision sera revue p\u00e9riodiquement par le Gouvernement marocain en fonction de l&rsquo;\u00e9volution du cadre \u00e9pid\u00e9miologique au [&hellip;]","protected":false},"author":1,"featured_media":0,"comment_status":"","ping_status":"","sticky":false,"template":"","format":"standard","meta":{"footnotes":""},"tags":[],"class_list":["post-598","post","type-post","status-publish","format-standard","hentry"],"_links":{"self":[{"href":"https:\/\/conscasablanca.esteri.it\/fr\/wp-json\/wp\/v2\/posts\/598","targetHints":{"allow":["GET"]}}],"collection":[{"href":"https:\/\/conscasablanca.esteri.it\/fr\/wp-json\/wp\/v2\/posts"}],"about":[{"href":"https:\/\/conscasablanca.esteri.it\/fr\/wp-json\/wp\/v2\/types\/post"}],"author":[{"embeddable":true,"href":"https:\/\/conscasablanca.esteri.it\/fr\/wp-json\/wp\/v2\/users\/1"}],"replies":[{"embeddable":true,"href":"https:\/\/conscasablanca.esteri.it\/fr\/wp-json\/wp\/v2\/comments?post=598"}],"version-history":[{"count":0,"href":"https:\/\/conscasablanca.esteri.it\/fr\/wp-json\/wp\/v2\/posts\/598\/revisions"}],"wp:attachment":[{"href":"https:\/\/conscasablanca.esteri.it\/fr\/wp-json\/wp\/v2\/media?parent=598"}],"wp:term":[{"taxonomy":"post_tag","embeddable":true,"href":"https:\/\/conscasablanca.esteri.it\/fr\/wp-json\/wp\/v2\/tags?post=598"}],"curies":[{"name":"wp","href":"https:\/\/api.w.org\/{rel}","templated":true}]}}