{"id":465,"date":"2023-06-04T11:55:43","date_gmt":"2023-06-04T10:55:43","guid":{"rendered":"https:\/\/conscasablanca.esteri.it\/news\/dal_consolato\/2023\/06\/completamento-della-transizione-2\/"},"modified":"2023-11-15T14:03:17","modified_gmt":"2023-11-15T13:03:17","slug":"completamento-della-transizione-2","status":"publish","type":"post","link":"https:\/\/conscasablanca.esteri.it\/fr\/news\/dal_consolato\/2023\/06\/completamento-della-transizione-2\/","title":{"rendered":"Finalisation de la transition au nouveu soustraitant VFS"},"content":{"rendered":"<p>Comme annonc\u00e9, depuis la semaine pass\u00e9e tous les rendez-vous du Consulat G\u00e9n\u00e9ral \u00e0 Casablanca doivent \u00eatre acquis exclusivement sur la plateforme VFS, selon disponibilit\u00e9.<\/p>\n<p>Afin de permettre avec l\u2019ach\u00e8vement de toutes les formalit\u00e9s avec l\u2019actuel soustraitant et la transition ordonn\u00e9e vers le nouveau, nous informons qu\u2019\u00e0 partir du 12 juin et jusqu\u2019\u00e0 la date de d\u00e9but des op\u00e9rations de VFS le prochain 23 juin, le Consulat G\u00e9n\u00e9ral ne pourra accepter aucune demande de visa autre que celles dont le rendez-vous a d\u00e9j\u00e0 \u00e9t\u00e9 acquis et confirm\u00e9 sur la plateforme TLS.<\/p>\n<p>Le Consulat G\u00e9n\u00e9ral s\u2019excuse au pr\u00e9alable pour tout d\u00e9rangement.<\/p>\n","protected":false},"excerpt":{"rendered":"Comme annonc\u00e9, depuis la semaine pass\u00e9e tous les rendez-vous du Consulat G\u00e9n\u00e9ral \u00e0 Casablanca doivent \u00eatre acquis exclusivement sur la plateforme VFS, selon disponibilit\u00e9. Afin de permettre avec l\u2019ach\u00e8vement de toutes les formalit\u00e9s avec l\u2019actuel soustraitant et la transition ordonn\u00e9e vers le nouveau, nous informons qu\u2019\u00e0 partir du 12 juin et jusqu\u2019\u00e0 la date de [&hellip;]","protected":false},"author":1,"featured_media":0,"comment_status":"closed","ping_status":"closed","sticky":false,"template":"","format":"standard","meta":{"footnotes":""},"tags":[],"class_list":["post-465","post","type-post","status-publish","format-standard","hentry"],"_links":{"self":[{"href":"https:\/\/conscasablanca.esteri.it\/fr\/wp-json\/wp\/v2\/posts\/465","targetHints":{"allow":["GET"]}}],"collection":[{"href":"https:\/\/conscasablanca.esteri.it\/fr\/wp-json\/wp\/v2\/posts"}],"about":[{"href":"https:\/\/conscasablanca.esteri.it\/fr\/wp-json\/wp\/v2\/types\/post"}],"author":[{"embeddable":true,"href":"https:\/\/conscasablanca.esteri.it\/fr\/wp-json\/wp\/v2\/users\/1"}],"replies":[{"embeddable":true,"href":"https:\/\/conscasablanca.esteri.it\/fr\/wp-json\/wp\/v2\/comments?post=465"}],"version-history":[{"count":1,"href":"https:\/\/conscasablanca.esteri.it\/fr\/wp-json\/wp\/v2\/posts\/465\/revisions"}],"predecessor-version":[{"id":1221,"href":"https:\/\/conscasablanca.esteri.it\/fr\/wp-json\/wp\/v2\/posts\/465\/revisions\/1221"}],"wp:attachment":[{"href":"https:\/\/conscasablanca.esteri.it\/fr\/wp-json\/wp\/v2\/media?parent=465"}],"wp:term":[{"taxonomy":"post_tag","embeddable":true,"href":"https:\/\/conscasablanca.esteri.it\/fr\/wp-json\/wp\/v2\/tags?post=465"}],"curies":[{"name":"wp","href":"https:\/\/api.w.org\/{rel}","templated":true}]}}